{"id":58,"date":"2017-08-15T19:42:20","date_gmt":"2017-08-15T17:42:20","guid":{"rendered":"http:\/\/perustocks.es\/blog\/?p=58"},"modified":"2024-05-08T13:49:59","modified_gmt":"2024-05-08T12:49:59","slug":"festividades-de-aqui-y-de-alla","status":"publish","type":"post","link":"https:\/\/perustocks.es\/blog\/festividades-de-aqui-y-de-alla\/","title":{"rendered":"Festividades de aqu\u00ed y de all\u00e1"},"content":{"rendered":"<h1><strong><em>Festividades peruanas<\/em><\/strong><\/h1>\n<p>Durante el mes de junio en varios puertos y caletas de la costa peruana se celebra la fiesta patronal de <strong>San Pedro<\/strong>; siendo Chimbote, el famoso puerto pesquero de los a\u00f1os 70 el que se lleva las palmas en cuanto a celebraci\u00f3n\u00a0se refiere.<img loading=\"lazy\" decoding=\"async\" class=\"aligncenter wp-image-59 size-medium\" title=\"festividades-san-pedrito1\" src=\"https:\/\/perustocks.es\/blog\/wp-content\/uploads\/2017\/07\/san-pedrito-2017-300x200.jpg\" alt=\"festividades-san-pedrito1\" width=\"300\" height=\"200\" srcset=\"https:\/\/perustocks.es\/blog\/wp-content\/uploads\/2017\/07\/san-pedrito-2017-300x200.jpg 300w, https:\/\/perustocks.es\/blog\/wp-content\/uploads\/2017\/07\/san-pedrito-2017-768x512.jpg 768w, https:\/\/perustocks.es\/blog\/wp-content\/uploads\/2017\/07\/san-pedrito-2017.jpg 960w\" sizes=\"auto, (max-width: 300px) 100vw, 300px\" \/><\/p>\n<p>A lo largo del mes, se suceden distintos actos como parte del programa especial que prepara la Municipalidad de la Provincia del Santa y varias entidades.<\/p>\n<p>El punto \u00e1lgido<img loading=\"lazy\" decoding=\"async\" class=\"alignleft wp-image-64\" src=\"http:\/\/perustocks.es\/blog\/wp-content\/uploads\/2017\/07\/sanpedrito5-300x172.jpeg\" alt=\"\" width=\"215\" height=\"123\" srcset=\"https:\/\/perustocks.es\/blog\/wp-content\/uploads\/2017\/07\/sanpedrito5-300x172.jpeg 300w, https:\/\/perustocks.es\/blog\/wp-content\/uploads\/2017\/07\/sanpedrito5-768x441.jpeg 768w, https:\/\/perustocks.es\/blog\/wp-content\/uploads\/2017\/07\/sanpedrito5-1024x588.jpeg 1024w, https:\/\/perustocks.es\/blog\/wp-content\/uploads\/2017\/07\/sanpedrito5.jpeg 1214w\" sizes=\"auto, (max-width: 215px) 100vw, 215px\" \/> de los festejos recae el d\u00eda 29 de junio, en el cual, chimbotanos y turistas a bordo de distintas embarcaciones acompa\u00f1an al patr\u00f3n de la ciudad, San Pedrito, en su peregrinaci\u00f3n por la bah\u00eda.<\/p>\n<p><img loading=\"lazy\" decoding=\"async\" class=\"alignright wp-image-63\" src=\"http:\/\/perustocks.es\/blog\/wp-content\/uploads\/2017\/07\/sanpedrito4-300x200.jpg\" alt=\"\" width=\"215\" height=\"143\" srcset=\"https:\/\/perustocks.es\/blog\/wp-content\/uploads\/2017\/07\/sanpedrito4-300x200.jpg 300w, https:\/\/perustocks.es\/blog\/wp-content\/uploads\/2017\/07\/sanpedrito4-768x512.jpg 768w, https:\/\/perustocks.es\/blog\/wp-content\/uploads\/2017\/07\/sanpedrito4.jpg 960w\" sizes=\"auto, (max-width: 215px) 100vw, 215px\" \/>San Pedrito\u00a0es peque\u00f1ito y muy querido por la gente chimbotana; que manteniendo las creencias religiosas de anta\u00f1o,\u00a0le pide \u00a0la bendici\u00f3n del mar que ba\u00f1a las costas de la ciudad y de cuya riqueza pesquera depende el desarrollo de la zona.<\/p>\n<blockquote><p><span style=\"font-size: 1rem;\"><strong>Fuentes y Fotograf\u00edas<\/strong>:<br \/>\n*\u00a0<a href=\"https:\/\/www.facebook.com\/MuniProvSanta\/\" target=\"_blank\" rel=\"noopener noreferrer\">Facebook de la Municipalidad Provincial del Santa<\/a>\u00a0(1 y 3)<br \/>\n*\u00a0<a href=\"http:\/\/elcomercio.pe\/peru\/ancash\/fiesta-san-pedrito-celebro-chimbote-438643?foto=8\" target=\"_blank\" rel=\"noopener noreferrer\">Carlos S\u00e1nchez para el peri\u00f3dico El Comercio (2)<\/a><\/span><\/p><\/blockquote>\n<h1><strong><em>Festividades espa\u00f1olas<\/em><\/strong><\/h1>\n<p><span style=\"font-size: 1rem;\">A m\u00e1s de 12000 Km de distancia, Reus, la capital del Baix Camp en Tarragona, y ciudad que acoge a <a href=\"https:\/\/perustocks.es\" target=\"_blank\" rel=\"noopener noreferrer\">PeruStocks<\/a>, festeja su fiesta mayor.\u00a0<\/span><\/p>\n<p><span style=\"font-size: 1rem;\">Aunque no limita directamente con el mar, su patr\u00f3n desde el momento de su fundaci\u00f3n tambi\u00e9n es San Pedro o como se le conoce en el idioma local: <\/span><strong style=\"font-size: 1rem;\">Sant Pere<\/strong><span style=\"font-size: 1rem;\">.<\/span><\/p>\n<p><img loading=\"lazy\" decoding=\"async\" class=\"aligncenter wp-image-65 size-medium\" title=\"patro-sant-pere\" src=\"https:\/\/perustocks.es\/blog\/wp-content\/uploads\/2017\/07\/santpere-300x200.jpg\" alt=\"Patr\u00f3n de Reus\" width=\"300\" height=\"200\" srcset=\"https:\/\/perustocks.es\/blog\/wp-content\/uploads\/2017\/07\/santpere-300x200.jpg 300w, https:\/\/perustocks.es\/blog\/wp-content\/uploads\/2017\/07\/santpere.jpg 760w\" sizes=\"auto, (max-width: 300px) 100vw, 300px\" \/><br \/>\nEn todo junio y los primeros d\u00edas de julio, diversos actos se organizan en toda la ciudad:<br \/>\nMisas, procesiones, pasacalles, actuaciones en vivo, conciertos, castillos humanos, tronadas, fuegos artificiales, etc.<\/p>\n<p><img loading=\"lazy\" decoding=\"async\" class=\"aligncenter wp-image-68 size-medium\" title=\"santpere\" src=\"https:\/\/perustocks.es\/blog\/wp-content\/uploads\/2017\/07\/santpere2-300x169.jpg\" alt=\"Sant Pere\" width=\"300\" height=\"169\" srcset=\"https:\/\/perustocks.es\/blog\/wp-content\/uploads\/2017\/07\/santpere2-300x169.jpg 300w, https:\/\/perustocks.es\/blog\/wp-content\/uploads\/2017\/07\/santpere2-768x434.jpg 768w, https:\/\/perustocks.es\/blog\/wp-content\/uploads\/2017\/07\/santpere2-1024x578.jpg 1024w\" sizes=\"auto, (max-width: 300px) 100vw, 300px\" \/><br \/>\n<img loading=\"lazy\" decoding=\"async\" class=\"aligncenter wp-image-69 size-medium\" title=\"sant pere\" src=\"https:\/\/perustocks.es\/blog\/wp-content\/uploads\/2017\/07\/santpere3-300x225.jpg\" alt=\"\" width=\"300\" height=\"225\" srcset=\"https:\/\/perustocks.es\/blog\/wp-content\/uploads\/2017\/07\/santpere3-300x225.jpg 300w, https:\/\/perustocks.es\/blog\/wp-content\/uploads\/2017\/07\/santpere3-768x576.jpg 768w, https:\/\/perustocks.es\/blog\/wp-content\/uploads\/2017\/07\/santpere3.jpg 800w\" sizes=\"auto, (max-width: 300px) 100vw, 300px\" \/><\/p>\n<p>Y as\u00ed, podemos encontrar a dos personas distintas, de pa\u00edses distintos, pero que pueden intercambiar ubicaciones y seguir sintiendo\u00a0el calor de su tierra y gente, disfrutando con alegr\u00eda y orgullo de sus festividades m\u00e1s importantes.<\/p>\n<blockquote><p><strong>Fuentes y Fotograf\u00edas<\/strong>:<br \/>\n* <a href=\"http:\/\/delcamp.cat\/reusdiari\/noticia\/2526\/reus-amb-ressaca-de-sant-pere-2016\" target=\"_blank\" rel=\"noopener noreferrer\">Gerard Mart\u00ed para el diario digital Reus Diari<\/a>\u00a0(1)<br \/>\n* <a href=\"https:\/\/ca.wikipedia.org\/wiki\/Ball_de_Pere_Joan_Barcel%C3%B3#\/media\/File:Ball_del_Carrasclet1.jpg\" target=\"_blank\" rel=\"noopener noreferrer\">Wikipedia<\/a> (2)<br \/>\n* <a href=\"https:\/\/commons.wikimedia.org\/wiki\/File:Dracdereus.JPG\" target=\"_blank\" rel=\"noopener noreferrer\">Wikipedia<\/a> (3)<\/p><\/blockquote>\n","protected":false},"excerpt":{"rendered":"<p>Festividades peruanas Durante el mes de junio en varios puertos y caletas de la costa peruana se celebra la fiesta patronal de San Pedro; siendo Chimbote, el famoso puerto pesquero de los a\u00f1os 70 el que se lleva las palmas en cuanto a celebraci\u00f3n\u00a0se refiere. A lo largo del mes, se suceden distintos actos como [&hellip;]<\/p>\n","protected":false},"author":3,"featured_media":0,"comment_status":"open","ping_status":"open","sticky":false,"template":"","format":"standard","meta":{"footnotes":""},"categories":[6],"tags":[10,12,13,11,8,9],"class_list":["post-58","post","type-post","status-publish","format-standard","hentry","category-cultura","tag-chimbote","tag-cultura","tag-festividades","tag-reus","tag-san-pedrito","tag-sant-pere"],"yoast_head":"<!-- This site is optimized with the Yoast SEO plugin v27.5 - https:\/\/yoast.com\/product\/yoast-seo-wordpress\/ -->\n<title>Festividades de aqu\u00ed y de all\u00e1 - Entre Per\u00fa y Espa\u00f1a - PeruStocks<\/title>\n<meta name=\"description\" content=\"Festividades peruanas y espa\u00f1olas Durante el mes de junio en varios puertos y caletas de la costa peruana se celebra la fiesta patronal de San Pedro...\" \/>\n<meta name=\"robots\" content=\"index, follow, max-snippet:-1, max-image-preview:large, max-video-preview:-1\" \/>\n<link rel=\"canonical\" href=\"https:\/\/perustocks.es\/blog\/festividades-de-aqui-y-de-alla\/\" \/>\n<meta property=\"og:locale\" content=\"es_ES\" \/>\n<meta property=\"og:type\" content=\"article\" \/>\n<meta property=\"og:title\" content=\"Festividades de aqu\u00ed y de all\u00e1 - Entre Per\u00fa y Espa\u00f1a - PeruStocks\" \/>\n<meta property=\"og:description\" content=\"Festividades peruanas y espa\u00f1olas Durante el mes de junio en varios puertos y caletas de la costa peruana se celebra la fiesta patronal de San Pedro...\" \/>\n<meta property=\"og:url\" content=\"https:\/\/perustocks.es\/blog\/festividades-de-aqui-y-de-alla\/\" \/>\n<meta property=\"og:site_name\" content=\"Perustocks Blog\" \/>\n<meta property=\"article:published_time\" content=\"2017-08-15T17:42:20+00:00\" \/>\n<meta property=\"article:modified_time\" content=\"2024-05-08T12:49:59+00:00\" \/>\n<meta property=\"og:image\" content=\"https:\/\/perustocks.es\/blog\/wp-content\/uploads\/2017\/07\/san-pedrito-2017-300x200.jpg\" \/>\n<meta name=\"author\" content=\"socialmedia\" \/>\n<meta name=\"twitter:card\" content=\"summary_large_image\" \/>\n<meta name=\"twitter:label1\" content=\"Escrito por\" \/>\n\t<meta name=\"twitter:data1\" content=\"socialmedia\" \/>\n\t<meta name=\"twitter:label2\" content=\"Tiempo de lectura\" \/>\n\t<meta name=\"twitter:data2\" content=\"3 minutos\" \/>\n<script type=\"application\/ld+json\" class=\"yoast-schema-graph\">{\"@context\":\"https:\\\/\\\/schema.org\",\"@graph\":[{\"@type\":\"Article\",\"@id\":\"https:\\\/\\\/perustocks.es\\\/blog\\\/festividades-de-aqui-y-de-alla\\\/#article\",\"isPartOf\":{\"@id\":\"https:\\\/\\\/perustocks.es\\\/blog\\\/festividades-de-aqui-y-de-alla\\\/\"},\"author\":{\"name\":\"socialmedia\",\"@id\":\"https:\\\/\\\/perustocks.es\\\/blog\\\/#\\\/schema\\\/person\\\/598e98e120c5562b4187177b03c8daf9\"},\"headline\":\"Festividades de aqu\u00ed y de all\u00e1\",\"datePublished\":\"2017-08-15T17:42:20+00:00\",\"dateModified\":\"2024-05-08T12:49:59+00:00\",\"mainEntityOfPage\":{\"@id\":\"https:\\\/\\\/perustocks.es\\\/blog\\\/festividades-de-aqui-y-de-alla\\\/\"},\"wordCount\":332,\"commentCount\":0,\"publisher\":{\"@id\":\"https:\\\/\\\/perustocks.es\\\/blog\\\/#organization\"},\"image\":{\"@id\":\"https:\\\/\\\/perustocks.es\\\/blog\\\/festividades-de-aqui-y-de-alla\\\/#primaryimage\"},\"thumbnailUrl\":\"https:\\\/\\\/perustocks.es\\\/blog\\\/wp-content\\\/uploads\\\/2017\\\/07\\\/san-pedrito-2017-300x200.jpg\",\"keywords\":[\"Chimbote\",\"Cultura\",\"Festividades\",\"Reus\",\"San Pedrito\",\"Sant Pere\"],\"articleSection\":[\"Cultura\"],\"inLanguage\":\"es\",\"potentialAction\":[{\"@type\":\"CommentAction\",\"name\":\"Comment\",\"target\":[\"https:\\\/\\\/perustocks.es\\\/blog\\\/festividades-de-aqui-y-de-alla\\\/#respond\"]}]},{\"@type\":\"WebPage\",\"@id\":\"https:\\\/\\\/perustocks.es\\\/blog\\\/festividades-de-aqui-y-de-alla\\\/\",\"url\":\"https:\\\/\\\/perustocks.es\\\/blog\\\/festividades-de-aqui-y-de-alla\\\/\",\"name\":\"Festividades de aqu\u00ed y de all\u00e1 - Entre Per\u00fa y Espa\u00f1a - PeruStocks\",\"isPartOf\":{\"@id\":\"https:\\\/\\\/perustocks.es\\\/blog\\\/#website\"},\"primaryImageOfPage\":{\"@id\":\"https:\\\/\\\/perustocks.es\\\/blog\\\/festividades-de-aqui-y-de-alla\\\/#primaryimage\"},\"image\":{\"@id\":\"https:\\\/\\\/perustocks.es\\\/blog\\\/festividades-de-aqui-y-de-alla\\\/#primaryimage\"},\"thumbnailUrl\":\"https:\\\/\\\/perustocks.es\\\/blog\\\/wp-content\\\/uploads\\\/2017\\\/07\\\/san-pedrito-2017-300x200.jpg\",\"datePublished\":\"2017-08-15T17:42:20+00:00\",\"dateModified\":\"2024-05-08T12:49:59+00:00\",\"description\":\"Festividades peruanas y espa\u00f1olas Durante el mes de junio en varios puertos y caletas de la costa peruana se celebra la fiesta patronal de San Pedro...\",\"breadcrumb\":{\"@id\":\"https:\\\/\\\/perustocks.es\\\/blog\\\/festividades-de-aqui-y-de-alla\\\/#breadcrumb\"},\"inLanguage\":\"es\",\"potentialAction\":[{\"@type\":\"ReadAction\",\"target\":[\"https:\\\/\\\/perustocks.es\\\/blog\\\/festividades-de-aqui-y-de-alla\\\/\"]}]},{\"@type\":\"ImageObject\",\"inLanguage\":\"es\",\"@id\":\"https:\\\/\\\/perustocks.es\\\/blog\\\/festividades-de-aqui-y-de-alla\\\/#primaryimage\",\"url\":\"https:\\\/\\\/perustocks.es\\\/blog\\\/wp-content\\\/uploads\\\/2017\\\/07\\\/san-pedrito-2017.jpg\",\"contentUrl\":\"https:\\\/\\\/perustocks.es\\\/blog\\\/wp-content\\\/uploads\\\/2017\\\/07\\\/san-pedrito-2017.jpg\",\"width\":960,\"height\":640},{\"@type\":\"BreadcrumbList\",\"@id\":\"https:\\\/\\\/perustocks.es\\\/blog\\\/festividades-de-aqui-y-de-alla\\\/#breadcrumb\",\"itemListElement\":[{\"@type\":\"ListItem\",\"position\":1,\"name\":\"Home\",\"item\":\"https:\\\/\\\/perustocks.es\\\/blog\\\/\"},{\"@type\":\"ListItem\",\"position\":2,\"name\":\"Festividades de aqu\u00ed y de all\u00e1\"}]},{\"@type\":\"WebSite\",\"@id\":\"https:\\\/\\\/perustocks.es\\\/blog\\\/#website\",\"url\":\"https:\\\/\\\/perustocks.es\\\/blog\\\/\",\"name\":\"Perustocks Blog\",\"description\":\"Gastronom\u00eda Latinoamericana\",\"publisher\":{\"@id\":\"https:\\\/\\\/perustocks.es\\\/blog\\\/#organization\"},\"potentialAction\":[{\"@type\":\"SearchAction\",\"target\":{\"@type\":\"EntryPoint\",\"urlTemplate\":\"https:\\\/\\\/perustocks.es\\\/blog\\\/?s={search_term_string}\"},\"query-input\":{\"@type\":\"PropertyValueSpecification\",\"valueRequired\":true,\"valueName\":\"search_term_string\"}}],\"inLanguage\":\"es\"},{\"@type\":\"Organization\",\"@id\":\"https:\\\/\\\/perustocks.es\\\/blog\\\/#organization\",\"name\":\"Perustocks Blog\",\"url\":\"https:\\\/\\\/perustocks.es\\\/blog\\\/\",\"logo\":{\"@type\":\"ImageObject\",\"inLanguage\":\"es\",\"@id\":\"https:\\\/\\\/perustocks.es\\\/blog\\\/#\\\/schema\\\/logo\\\/image\\\/\",\"url\":\"https:\\\/\\\/perustocks.es\\\/blog\\\/wp-content\\\/uploads\\\/2020\\\/03\\\/cropped-logo_medio-4.jpg\",\"contentUrl\":\"https:\\\/\\\/perustocks.es\\\/blog\\\/wp-content\\\/uploads\\\/2020\\\/03\\\/cropped-logo_medio-4.jpg\",\"width\":300,\"height\":232,\"caption\":\"Perustocks Blog\"},\"image\":{\"@id\":\"https:\\\/\\\/perustocks.es\\\/blog\\\/#\\\/schema\\\/logo\\\/image\\\/\"}},{\"@type\":\"Person\",\"@id\":\"https:\\\/\\\/perustocks.es\\\/blog\\\/#\\\/schema\\\/person\\\/598e98e120c5562b4187177b03c8daf9\",\"name\":\"socialmedia\",\"image\":{\"@type\":\"ImageObject\",\"inLanguage\":\"es\",\"@id\":\"https:\\\/\\\/secure.gravatar.com\\\/avatar\\\/91d228d2ec7ead3131c41b3664655a976ade52c160c57916abc9fa3b92cd8f49?s=96&d=mm&r=g\",\"url\":\"https:\\\/\\\/secure.gravatar.com\\\/avatar\\\/91d228d2ec7ead3131c41b3664655a976ade52c160c57916abc9fa3b92cd8f49?s=96&d=mm&r=g\",\"contentUrl\":\"https:\\\/\\\/secure.gravatar.com\\\/avatar\\\/91d228d2ec7ead3131c41b3664655a976ade52c160c57916abc9fa3b92cd8f49?s=96&d=mm&r=g\",\"caption\":\"socialmedia\"},\"sameAs\":[\"http:\\\/\\\/www.perustocks.es\"],\"url\":\"https:\\\/\\\/perustocks.es\\\/blog\\\/author\\\/cinthya\\\/\"}]}<\/script>\n<!-- \/ Yoast SEO plugin. -->","yoast_head_json":{"title":"Festividades de aqu\u00ed y de all\u00e1 - Entre Per\u00fa y Espa\u00f1a - PeruStocks","description":"Festividades peruanas y espa\u00f1olas Durante el mes de junio en varios puertos y caletas de la costa peruana se celebra la fiesta patronal de San Pedro...","robots":{"index":"index","follow":"follow","max-snippet":"max-snippet:-1","max-image-preview":"max-image-preview:large","max-video-preview":"max-video-preview:-1"},"canonical":"https:\/\/perustocks.es\/blog\/festividades-de-aqui-y-de-alla\/","og_locale":"es_ES","og_type":"article","og_title":"Festividades de aqu\u00ed y de all\u00e1 - Entre Per\u00fa y Espa\u00f1a - PeruStocks","og_description":"Festividades peruanas y espa\u00f1olas Durante el mes de junio en varios puertos y caletas de la costa peruana se celebra la fiesta patronal de San Pedro...","og_url":"https:\/\/perustocks.es\/blog\/festividades-de-aqui-y-de-alla\/","og_site_name":"Perustocks Blog","article_published_time":"2017-08-15T17:42:20+00:00","article_modified_time":"2024-05-08T12:49:59+00:00","og_image":[{"url":"https:\/\/perustocks.es\/blog\/wp-content\/uploads\/2017\/07\/san-pedrito-2017-300x200.jpg","type":"","width":"","height":""}],"author":"socialmedia","twitter_card":"summary_large_image","twitter_misc":{"Escrito por":"socialmedia","Tiempo de lectura":"3 minutos"},"schema":{"@context":"https:\/\/schema.org","@graph":[{"@type":"Article","@id":"https:\/\/perustocks.es\/blog\/festividades-de-aqui-y-de-alla\/#article","isPartOf":{"@id":"https:\/\/perustocks.es\/blog\/festividades-de-aqui-y-de-alla\/"},"author":{"name":"socialmedia","@id":"https:\/\/perustocks.es\/blog\/#\/schema\/person\/598e98e120c5562b4187177b03c8daf9"},"headline":"Festividades de aqu\u00ed y de all\u00e1","datePublished":"2017-08-15T17:42:20+00:00","dateModified":"2024-05-08T12:49:59+00:00","mainEntityOfPage":{"@id":"https:\/\/perustocks.es\/blog\/festividades-de-aqui-y-de-alla\/"},"wordCount":332,"commentCount":0,"publisher":{"@id":"https:\/\/perustocks.es\/blog\/#organization"},"image":{"@id":"https:\/\/perustocks.es\/blog\/festividades-de-aqui-y-de-alla\/#primaryimage"},"thumbnailUrl":"https:\/\/perustocks.es\/blog\/wp-content\/uploads\/2017\/07\/san-pedrito-2017-300x200.jpg","keywords":["Chimbote","Cultura","Festividades","Reus","San Pedrito","Sant Pere"],"articleSection":["Cultura"],"inLanguage":"es","potentialAction":[{"@type":"CommentAction","name":"Comment","target":["https:\/\/perustocks.es\/blog\/festividades-de-aqui-y-de-alla\/#respond"]}]},{"@type":"WebPage","@id":"https:\/\/perustocks.es\/blog\/festividades-de-aqui-y-de-alla\/","url":"https:\/\/perustocks.es\/blog\/festividades-de-aqui-y-de-alla\/","name":"Festividades de aqu\u00ed y de all\u00e1 - Entre Per\u00fa y Espa\u00f1a - PeruStocks","isPartOf":{"@id":"https:\/\/perustocks.es\/blog\/#website"},"primaryImageOfPage":{"@id":"https:\/\/perustocks.es\/blog\/festividades-de-aqui-y-de-alla\/#primaryimage"},"image":{"@id":"https:\/\/perustocks.es\/blog\/festividades-de-aqui-y-de-alla\/#primaryimage"},"thumbnailUrl":"https:\/\/perustocks.es\/blog\/wp-content\/uploads\/2017\/07\/san-pedrito-2017-300x200.jpg","datePublished":"2017-08-15T17:42:20+00:00","dateModified":"2024-05-08T12:49:59+00:00","description":"Festividades peruanas y espa\u00f1olas Durante el mes de junio en varios puertos y caletas de la costa peruana se celebra la fiesta patronal de San Pedro...","breadcrumb":{"@id":"https:\/\/perustocks.es\/blog\/festividades-de-aqui-y-de-alla\/#breadcrumb"},"inLanguage":"es","potentialAction":[{"@type":"ReadAction","target":["https:\/\/perustocks.es\/blog\/festividades-de-aqui-y-de-alla\/"]}]},{"@type":"ImageObject","inLanguage":"es","@id":"https:\/\/perustocks.es\/blog\/festividades-de-aqui-y-de-alla\/#primaryimage","url":"https:\/\/perustocks.es\/blog\/wp-content\/uploads\/2017\/07\/san-pedrito-2017.jpg","contentUrl":"https:\/\/perustocks.es\/blog\/wp-content\/uploads\/2017\/07\/san-pedrito-2017.jpg","width":960,"height":640},{"@type":"BreadcrumbList","@id":"https:\/\/perustocks.es\/blog\/festividades-de-aqui-y-de-alla\/#breadcrumb","itemListElement":[{"@type":"ListItem","position":1,"name":"Home","item":"https:\/\/perustocks.es\/blog\/"},{"@type":"ListItem","position":2,"name":"Festividades de aqu\u00ed y de all\u00e1"}]},{"@type":"WebSite","@id":"https:\/\/perustocks.es\/blog\/#website","url":"https:\/\/perustocks.es\/blog\/","name":"Perustocks Blog","description":"Gastronom\u00eda Latinoamericana","publisher":{"@id":"https:\/\/perustocks.es\/blog\/#organization"},"potentialAction":[{"@type":"SearchAction","target":{"@type":"EntryPoint","urlTemplate":"https:\/\/perustocks.es\/blog\/?s={search_term_string}"},"query-input":{"@type":"PropertyValueSpecification","valueRequired":true,"valueName":"search_term_string"}}],"inLanguage":"es"},{"@type":"Organization","@id":"https:\/\/perustocks.es\/blog\/#organization","name":"Perustocks Blog","url":"https:\/\/perustocks.es\/blog\/","logo":{"@type":"ImageObject","inLanguage":"es","@id":"https:\/\/perustocks.es\/blog\/#\/schema\/logo\/image\/","url":"https:\/\/perustocks.es\/blog\/wp-content\/uploads\/2020\/03\/cropped-logo_medio-4.jpg","contentUrl":"https:\/\/perustocks.es\/blog\/wp-content\/uploads\/2020\/03\/cropped-logo_medio-4.jpg","width":300,"height":232,"caption":"Perustocks Blog"},"image":{"@id":"https:\/\/perustocks.es\/blog\/#\/schema\/logo\/image\/"}},{"@type":"Person","@id":"https:\/\/perustocks.es\/blog\/#\/schema\/person\/598e98e120c5562b4187177b03c8daf9","name":"socialmedia","image":{"@type":"ImageObject","inLanguage":"es","@id":"https:\/\/secure.gravatar.com\/avatar\/91d228d2ec7ead3131c41b3664655a976ade52c160c57916abc9fa3b92cd8f49?s=96&d=mm&r=g","url":"https:\/\/secure.gravatar.com\/avatar\/91d228d2ec7ead3131c41b3664655a976ade52c160c57916abc9fa3b92cd8f49?s=96&d=mm&r=g","contentUrl":"https:\/\/secure.gravatar.com\/avatar\/91d228d2ec7ead3131c41b3664655a976ade52c160c57916abc9fa3b92cd8f49?s=96&d=mm&r=g","caption":"socialmedia"},"sameAs":["http:\/\/www.perustocks.es"],"url":"https:\/\/perustocks.es\/blog\/author\/cinthya\/"}]}},"_links":{"self":[{"href":"https:\/\/perustocks.es\/blog\/wp-json\/wp\/v2\/posts\/58","targetHints":{"allow":["GET"]}}],"collection":[{"href":"https:\/\/perustocks.es\/blog\/wp-json\/wp\/v2\/posts"}],"about":[{"href":"https:\/\/perustocks.es\/blog\/wp-json\/wp\/v2\/types\/post"}],"author":[{"embeddable":true,"href":"https:\/\/perustocks.es\/blog\/wp-json\/wp\/v2\/users\/3"}],"replies":[{"embeddable":true,"href":"https:\/\/perustocks.es\/blog\/wp-json\/wp\/v2\/comments?post=58"}],"version-history":[{"count":9,"href":"https:\/\/perustocks.es\/blog\/wp-json\/wp\/v2\/posts\/58\/revisions"}],"predecessor-version":[{"id":280,"href":"https:\/\/perustocks.es\/blog\/wp-json\/wp\/v2\/posts\/58\/revisions\/280"}],"wp:attachment":[{"href":"https:\/\/perustocks.es\/blog\/wp-json\/wp\/v2\/media?parent=58"}],"wp:term":[{"taxonomy":"category","embeddable":true,"href":"https:\/\/perustocks.es\/blog\/wp-json\/wp\/v2\/categories?post=58"},{"taxonomy":"post_tag","embeddable":true,"href":"https:\/\/perustocks.es\/blog\/wp-json\/wp\/v2\/tags?post=58"}],"curies":[{"name":"wp","href":"https:\/\/api.w.org\/{rel}","templated":true}]}}